{"id":7862,"date":"2024-11-14T13:25:49","date_gmt":"2024-11-14T12:25:49","guid":{"rendered":"https:\/\/www.bogaerstalen.nl\/corona-et-notre-politique\/"},"modified":"2024-11-14T13:25:49","modified_gmt":"2024-11-14T12:25:49","slug":"corona-et-notre-politique","status":"publish","type":"post","link":"https:\/\/www.bogaerstalen.nl\/fr\/corona-et-notre-politique\/","title":{"rendered":"Corona et notre politique"},"content":{"rendered":"<p><strong>Corona update Bogaers Taleninstituut BV : formation linguistique \u00e0 distance<\/strong><\/p>\n<p>Vous \u00eates certainement au courant des nouvelles mesures annonc\u00e9es par le gouvernement. Ces mesures ont un impact majeur sur l&rsquo;ensemble des Pays-Bas et nous avons tous la responsabilit\u00e9 de les traiter de la meilleure fa\u00e7on possible. C&rsquo;est pourquoi nous optons pour une solution temporaire appropri\u00e9e et pragmatique qui tient compte des circonstances actuelles li\u00e9es \u00e0 Corona. Nous vous offrons ainsi un juste \u00e9quilibre entre continuit\u00e9 et qualit\u00e9   <\/p>\n<p><strong>Vous travaillez \u00e0 domicile ? Ou utilisez l&rsquo;une de nos salles \u00e0 partir de 10 \u20ac par heure ! <img decoding=\"async\" class=\"alignnone size-medium wp-image-5006\" src=\"https:\/\/www.bogaerstalen.nl\/wp-content\/uploads\/2020\/05\/20200507_144306-146x300.jpg\" alt=\"\" width=\"146\" height=\"300\" srcset=\"https:\/\/www.bogaerstalen.nl\/wp-content\/uploads\/2020\/05\/20200507_144306-146x300.jpg 146w, https:\/\/www.bogaerstalen.nl\/wp-content\/uploads\/2020\/05\/20200507_144306-498x1024.jpg 498w, https:\/\/www.bogaerstalen.nl\/wp-content\/uploads\/2020\/05\/20200507_144306-768x1580.jpg 768w, https:\/\/www.bogaerstalen.nl\/wp-content\/uploads\/2020\/05\/20200507_144306-747x1536.jpg 747w, https:\/\/www.bogaerstalen.nl\/wp-content\/uploads\/2020\/05\/20200507_144306-996x2048.jpg 996w, https:\/\/www.bogaerstalen.nl\/wp-content\/uploads\/2020\/05\/20200507_144306-1080x2222.jpg 1080w, https:\/\/www.bogaerstalen.nl\/wp-content\/uploads\/2020\/05\/20200507_144306-980x2017.jpg 980w, https:\/\/www.bogaerstalen.nl\/wp-content\/uploads\/2020\/05\/20200507_144306-480x988.jpg 480w, https:\/\/www.bogaerstalen.nl\/wp-content\/uploads\/2020\/05\/20200507_144306-510x1049.jpg 510w, https:\/\/www.bogaerstalen.nl\/wp-content\/uploads\/2020\/05\/20200507_144306-scaled.jpg 1244w\" sizes=\"(max-width: 146px) 100vw, 146px\" \/> <\/strong><\/p>\n<p>Nos clients attendent une solution flexible. Nombre d&rsquo;entre eux nous ont d\u00e9j\u00e0 demand\u00e9 si nous pouvions dispenser nos cours de formation \u00e0 distance, et la r\u00e9ponse est \u00ab\u00a0oui\u00a0\u00bb. Nous excellons dans l&rsquo;art de continuer \u00e0 dispenser des formations aux participants individuels et aux petits groupes dans un format adapt\u00e9. De cette mani\u00e8re, vous et vos coll\u00e8gues continuez \u00e0 acqu\u00e9rir les comp\u00e9tences n\u00e9cessaires \u00e0 votre travail.   <\/p>\n<p><strong>Diviser les \u00e9quipes<\/strong><\/p>\n<p>Au bureau, nos clients travaillent de plus en plus souvent en \u00e9quipes fractionn\u00e9es. C&rsquo;est ce que nous ferons dor\u00e9navant pour les cours \u00ab\u00a0\u00e0 distance\u00a0\u00bb destin\u00e9s \u00e0 des groupes de participants plus importants. Vous disposez de 3 heures de cours avec, par exemple, 6 participants ? Dans ce cas, nous divisons ce temps en deux le\u00e7ons de 90 minutes, chacune pour trois personnes. Vous b\u00e9n\u00e9ficierez ainsi d&rsquo;une attention individuelle suffisante et d&rsquo;une dur\u00e9e de cours agr\u00e9able.    <\/p>\n<p><strong>Au bureau<\/strong><\/p>\n<p>Souhaitez-vous poursuivre votre formation sur votre lieu de travail ? Tant que les directives du RIVM l&rsquo;autorisent, nous continuerons \u00e0 proposer des formations, en accordant \u00e9videmment une attention particuli\u00e8re \u00e0 l&rsquo;hygi\u00e8ne et au maintien d&rsquo;une distance appropri\u00e9e. Nos formateurs suivent \u00e9galement de pr\u00e8s les directives du RIVM et, en cas de doute, ils continueront \u00e0 vous donner des cours via Skype ou, de pr\u00e9f\u00e9rence, Hangouts.  <\/p>\n<p><strong>Hygi\u00e8ne<\/strong><\/p>\n<p>D\u00e9sinfection de la salle de classe, des \u00e9crans, des chaises et des tables. Nous demandons aux \u00e9l\u00e8ves de se d\u00e9sinfecter les mains avant et apr\u00e8s les cours. <\/p>\n<p><strong>Gardez vos distances<\/strong><\/p>\n<p>Nos cours se d\u00e9roulent principalement en face \u00e0 face, en respectant la distance conseill\u00e9e par le RIVM. Pour les groupes plus importants, nous offrons l&rsquo;option de cours en ligne et\/ou de cours sur place dans une salle de classe avec protection personnelle par des \u00e9crans. En concertation avec l&rsquo;\u00e9tudiant, nous proposons \u00e9galement des cours en ligne.  <\/p>\n<p><strong>Taille du groupe<\/strong><\/p>\n<p>Cours particuliers : ici, nous respectons la distance de 1,5 m. Cours en groupe de 3 \u00e0 4 personnes : possibilit\u00e9 de cours en ligne ou de cours sur place dans une salle de classe avec protection personnelle par \u00e9crans. Les salles de classe sont express\u00e9ment r\u00e9serv\u00e9es par les enseignants ! <\/p>\n<p><strong>Sympt\u00f4mes de la maladie<\/strong><\/p>\n<p>Nous demandons \u00e0 nos \u00e9l\u00e8ves et \u00e0 nos enseignants de rester \u00e0 la maison en cas de maladie.<\/p>\n<p><strong>Mesures suppl\u00e9mentaires<\/strong><\/p>\n<p>Tous nos employ\u00e9s suivent les directives du RIVM : nous nous tenons \u00e0 une distance de 1,5 m\u00e8tre, nous nous lavons les mains r\u00e9guli\u00e8rement et nous restons \u00e0 la maison en cas de sympt\u00f4mes de maladie.<\/p>\n<p><strong>Que vous demande-t-on ?<\/strong><\/p>\n<p>Vous souhaitez poursuivre votre formation \u00e0 distance ? N&rsquo;h\u00e9sitez pas \u00e0 nous en faire part. Nos formateurs travaillent g\u00e9n\u00e9ralement avec Zoom, Skype ou Google Hangouts. Ces deux syst\u00e8mes sont accessibles \u00e0 tous. Par cons\u00e9quent, votre formateur ou coordinateur discutera bri\u00e8vement du syst\u00e8me \u00e0 utiliser. Veuillez noter que Skype for Business (Microsoft Teams) ne fonctionne pas avec Skype standard. Il se peut donc que nous devions utiliser des adresses Skype priv\u00e9es. Nous les supprimerons apr\u00e8s la formation. Si vous ne le souhaitez pas, nous travaillerons avec Google Hangouts. Veuillez suivre ces 3 conseils simples :        <\/p>\n<ol>\n<li>Utilisez un casque et un microphone et suivez le cours de pr\u00e9f\u00e9rence sur un PC ou un ordinateur portable.<\/li>\n<li>Assurez-vous d&rsquo;\u00eatre \u00e0 l&rsquo;heure. Vous utilisez Skype ? Dans ce cas, votre formateur lancera l&rsquo;appel. Vous utilisez Hangouts ? Veillez \u00e0 vous connecter \u00e0 la conf\u00e9rence t\u00e9l\u00e9phonique \u00e0 temps.    <\/li>\n<li>Aidez-vous les uns les autres. Pour vous comme pour nous, il faudra s&rsquo;y habituer. Ensemble, nous y parviendrons.  <\/li>\n<\/ol>\n<p><strong>En conclusion.<\/strong><\/p>\n<p>Sans avis contraire de votre part, les formations programm\u00e9es se poursuivent normalement, m\u00eame dans vos locaux. Si vous souhaitez poursuivre les formations \u00ab\u00a0\u00e0 distance\u00a0\u00bb, veuillez contacter votre personne de contact Bogaers Talen dans les plus brefs d\u00e9lais : jolanda.meijden@bogaerstalen.nl. Nous vous souhaitons beaucoup de force pendant cette p\u00e9riode. <\/p>\n<p>&nbsp;<\/p>\n","protected":false},"excerpt":{"rendered":"<p>Corona update Bogaers Taleninstituut BV : formation linguistique \u00e0 distance Vous \u00eates certainement au courant des nouvelles mesures annonc\u00e9es par le gouvernement. Ces mesures ont un impact majeur sur l&rsquo;ensemble des Pays-Bas et nous avons tous la responsabilit\u00e9 de les traiter de la meilleure fa\u00e7on possible. C&rsquo;est pourquoi nous optons pour une solution temporaire appropri\u00e9e [&hellip;]<\/p>\n","protected":false},"author":3,"featured_media":7865,"comment_status":"closed","ping_status":"closed","sticky":false,"template":"","format":"standard","meta":{"_yoast_wpseo_focuskw":"","_yoast_wpseo_metadesc":"","rank_math_focus_keyword":"","rank_math_description":"","footnotes":""},"categories":[131],"tags":[],"class_list":["post-7862","post","type-post","status-publish","format-standard","has-post-thumbnail","hentry","category-actualites"],"yoast_head":"<!-- This site is optimized with the Yoast SEO plugin v27.5 - https:\/\/yoast.com\/product\/yoast-seo-wordpress\/ -->\n<title>Corona et notre politique - Bogaers Taleninstituut Tilburg<\/title>\n<meta name=\"robots\" content=\"index, follow, max-snippet:-1, max-image-preview:large, max-video-preview:-1\" \/>\n<link rel=\"canonical\" href=\"https:\/\/www.bogaerstalen.nl\/fr\/corona-et-notre-politique\/\" \/>\n<meta property=\"og:locale\" content=\"fr_FR\" \/>\n<meta property=\"og:type\" content=\"article\" \/>\n<meta property=\"og:title\" content=\"Corona et notre politique - Bogaers Taleninstituut Tilburg\" \/>\n<meta property=\"og:description\" content=\"Corona update Bogaers Taleninstituut BV : formation linguistique \u00e0 distance Vous \u00eates certainement au courant des nouvelles mesures annonc\u00e9es par le gouvernement. Ces mesures ont un impact majeur sur l&rsquo;ensemble des Pays-Bas et nous avons tous la responsabilit\u00e9 de les traiter de la meilleure fa\u00e7on possible. C&rsquo;est pourquoi nous optons pour une solution temporaire appropri\u00e9e [&hellip;]\" \/>\n<meta property=\"og:url\" content=\"https:\/\/www.bogaerstalen.nl\/fr\/corona-et-notre-politique\/\" \/>\n<meta property=\"og:site_name\" content=\"Bogaers Taleninstituut Tilburg\" \/>\n<meta property=\"article:publisher\" content=\"https:\/\/www.facebook.com\/taleninstituut\/\" \/>\n<meta property=\"article:published_time\" content=\"2024-11-14T12:25:49+00:00\" \/>\n<meta property=\"og:image\" content=\"https:\/\/www.bogaerstalen.nl\/wp-content\/uploads\/2023\/07\/1690740684961.jpg\" \/>\n\t<meta property=\"og:image:width\" content=\"1280\" \/>\n\t<meta property=\"og:image:height\" content=\"1280\" \/>\n\t<meta property=\"og:image:type\" content=\"image\/jpeg\" \/>\n<meta name=\"author\" content=\"Jolanda van der Meijden\" \/>\n<meta name=\"twitter:label1\" content=\"\u00c9crit par\" \/>\n\t<meta name=\"twitter:data1\" content=\"Jolanda van der Meijden\" \/>\n\t<meta name=\"twitter:label2\" content=\"Dur\u00e9e de lecture estim\u00e9e\" \/>\n\t<meta name=\"twitter:data2\" content=\"4 minutes\" \/>\n<script type=\"application\/ld+json\" class=\"yoast-schema-graph\">{\"@context\":\"https:\\\/\\\/schema.org\",\"@graph\":[{\"@type\":\"Article\",\"@id\":\"https:\\\/\\\/www.bogaerstalen.nl\\\/fr\\\/corona-et-notre-politique\\\/#article\",\"isPartOf\":{\"@id\":\"https:\\\/\\\/www.bogaerstalen.nl\\\/fr\\\/corona-et-notre-politique\\\/\"},\"author\":{\"name\":\"Jolanda van der Meijden\",\"@id\":\"https:\\\/\\\/www.bogaerstalen.nl\\\/fr\\\/#\\\/schema\\\/person\\\/f4113524caf8abed276a4fc187f40c1f\"},\"headline\":\"Corona et notre politique\",\"datePublished\":\"2024-11-14T12:25:49+00:00\",\"mainEntityOfPage\":{\"@id\":\"https:\\\/\\\/www.bogaerstalen.nl\\\/fr\\\/corona-et-notre-politique\\\/\"},\"wordCount\":755,\"image\":{\"@id\":\"https:\\\/\\\/www.bogaerstalen.nl\\\/fr\\\/corona-et-notre-politique\\\/#primaryimage\"},\"thumbnailUrl\":\"https:\\\/\\\/www.bogaerstalen.nl\\\/wp-content\\\/uploads\\\/2023\\\/07\\\/1690740684961.jpg\",\"articleSection\":[\"Actualit\u00e9s\"],\"inLanguage\":\"fr-FR\"},{\"@type\":\"WebPage\",\"@id\":\"https:\\\/\\\/www.bogaerstalen.nl\\\/fr\\\/corona-et-notre-politique\\\/\",\"url\":\"https:\\\/\\\/www.bogaerstalen.nl\\\/fr\\\/corona-et-notre-politique\\\/\",\"name\":\"Corona et notre politique - Bogaers Taleninstituut Tilburg\",\"isPartOf\":{\"@id\":\"https:\\\/\\\/www.bogaerstalen.nl\\\/fr\\\/#website\"},\"primaryImageOfPage\":{\"@id\":\"https:\\\/\\\/www.bogaerstalen.nl\\\/fr\\\/corona-et-notre-politique\\\/#primaryimage\"},\"image\":{\"@id\":\"https:\\\/\\\/www.bogaerstalen.nl\\\/fr\\\/corona-et-notre-politique\\\/#primaryimage\"},\"thumbnailUrl\":\"https:\\\/\\\/www.bogaerstalen.nl\\\/wp-content\\\/uploads\\\/2023\\\/07\\\/1690740684961.jpg\",\"datePublished\":\"2024-11-14T12:25:49+00:00\",\"author\":{\"@id\":\"https:\\\/\\\/www.bogaerstalen.nl\\\/fr\\\/#\\\/schema\\\/person\\\/f4113524caf8abed276a4fc187f40c1f\"},\"breadcrumb\":{\"@id\":\"https:\\\/\\\/www.bogaerstalen.nl\\\/fr\\\/corona-et-notre-politique\\\/#breadcrumb\"},\"inLanguage\":\"fr-FR\",\"potentialAction\":[{\"@type\":\"ReadAction\",\"target\":[\"https:\\\/\\\/www.bogaerstalen.nl\\\/fr\\\/corona-et-notre-politique\\\/\"]}]},{\"@type\":\"ImageObject\",\"inLanguage\":\"fr-FR\",\"@id\":\"https:\\\/\\\/www.bogaerstalen.nl\\\/fr\\\/corona-et-notre-politique\\\/#primaryimage\",\"url\":\"https:\\\/\\\/www.bogaerstalen.nl\\\/wp-content\\\/uploads\\\/2023\\\/07\\\/1690740684961.jpg\",\"contentUrl\":\"https:\\\/\\\/www.bogaerstalen.nl\\\/wp-content\\\/uploads\\\/2023\\\/07\\\/1690740684961.jpg\",\"width\":1280,\"height\":1280},{\"@type\":\"BreadcrumbList\",\"@id\":\"https:\\\/\\\/www.bogaerstalen.nl\\\/fr\\\/corona-et-notre-politique\\\/#breadcrumb\",\"itemListElement\":[{\"@type\":\"ListItem\",\"position\":1,\"name\":\"Home\",\"item\":\"https:\\\/\\\/www.bogaerstalen.nl\\\/fr\\\/accueil\\\/\"},{\"@type\":\"ListItem\",\"position\":2,\"name\":\"Corona et notre politique\"}]},{\"@type\":\"WebSite\",\"@id\":\"https:\\\/\\\/www.bogaerstalen.nl\\\/fr\\\/#website\",\"url\":\"https:\\\/\\\/www.bogaerstalen.nl\\\/fr\\\/\",\"name\":\"Bogaers Taleninstituut Tilburg\",\"description\":\"Sta sterk met taal!\",\"potentialAction\":[{\"@type\":\"SearchAction\",\"target\":{\"@type\":\"EntryPoint\",\"urlTemplate\":\"https:\\\/\\\/www.bogaerstalen.nl\\\/fr\\\/?s={search_term_string}\"},\"query-input\":{\"@type\":\"PropertyValueSpecification\",\"valueRequired\":true,\"valueName\":\"search_term_string\"}}],\"inLanguage\":\"fr-FR\"},{\"@type\":\"Person\",\"@id\":\"https:\\\/\\\/www.bogaerstalen.nl\\\/fr\\\/#\\\/schema\\\/person\\\/f4113524caf8abed276a4fc187f40c1f\",\"name\":\"Jolanda van der Meijden\",\"image\":{\"@type\":\"ImageObject\",\"inLanguage\":\"fr-FR\",\"@id\":\"https:\\\/\\\/secure.gravatar.com\\\/avatar\\\/3d938a21493510bcfe84811f29a7bf3e7f00d6864e5c5be2fecddbccf703b7e0?s=96&d=mm&r=g\",\"url\":\"https:\\\/\\\/secure.gravatar.com\\\/avatar\\\/3d938a21493510bcfe84811f29a7bf3e7f00d6864e5c5be2fecddbccf703b7e0?s=96&d=mm&r=g\",\"contentUrl\":\"https:\\\/\\\/secure.gravatar.com\\\/avatar\\\/3d938a21493510bcfe84811f29a7bf3e7f00d6864e5c5be2fecddbccf703b7e0?s=96&d=mm&r=g\",\"caption\":\"Jolanda van der Meijden\"},\"description\":\"Bijscholing voor onze docenten\",\"sameAs\":[\"https:\\\/\\\/www.bogaerstalen.nl\"],\"url\":\"https:\\\/\\\/www.bogaerstalen.nl\\\/fr\\\/author\\\/bogaers\\\/\"}]}<\/script>\n<!-- \/ Yoast SEO plugin. -->","yoast_head_json":{"title":"Corona et notre politique - Bogaers Taleninstituut Tilburg","robots":{"index":"index","follow":"follow","max-snippet":"max-snippet:-1","max-image-preview":"max-image-preview:large","max-video-preview":"max-video-preview:-1"},"canonical":"https:\/\/www.bogaerstalen.nl\/fr\/corona-et-notre-politique\/","og_locale":"fr_FR","og_type":"article","og_title":"Corona et notre politique - Bogaers Taleninstituut Tilburg","og_description":"Corona update Bogaers Taleninstituut BV : formation linguistique \u00e0 distance Vous \u00eates certainement au courant des nouvelles mesures annonc\u00e9es par le gouvernement. Ces mesures ont un impact majeur sur l&rsquo;ensemble des Pays-Bas et nous avons tous la responsabilit\u00e9 de les traiter de la meilleure fa\u00e7on possible. C&rsquo;est pourquoi nous optons pour une solution temporaire appropri\u00e9e [&hellip;]","og_url":"https:\/\/www.bogaerstalen.nl\/fr\/corona-et-notre-politique\/","og_site_name":"Bogaers Taleninstituut Tilburg","article_publisher":"https:\/\/www.facebook.com\/taleninstituut\/","article_published_time":"2024-11-14T12:25:49+00:00","og_image":[{"width":1280,"height":1280,"url":"https:\/\/www.bogaerstalen.nl\/wp-content\/uploads\/2023\/07\/1690740684961.jpg","type":"image\/jpeg"}],"author":"Jolanda van der Meijden","twitter_misc":{"\u00c9crit par":"Jolanda van der Meijden","Dur\u00e9e de lecture estim\u00e9e":"4 minutes"},"schema":{"@context":"https:\/\/schema.org","@graph":[{"@type":"Article","@id":"https:\/\/www.bogaerstalen.nl\/fr\/corona-et-notre-politique\/#article","isPartOf":{"@id":"https:\/\/www.bogaerstalen.nl\/fr\/corona-et-notre-politique\/"},"author":{"name":"Jolanda van der Meijden","@id":"https:\/\/www.bogaerstalen.nl\/fr\/#\/schema\/person\/f4113524caf8abed276a4fc187f40c1f"},"headline":"Corona et notre politique","datePublished":"2024-11-14T12:25:49+00:00","mainEntityOfPage":{"@id":"https:\/\/www.bogaerstalen.nl\/fr\/corona-et-notre-politique\/"},"wordCount":755,"image":{"@id":"https:\/\/www.bogaerstalen.nl\/fr\/corona-et-notre-politique\/#primaryimage"},"thumbnailUrl":"https:\/\/www.bogaerstalen.nl\/wp-content\/uploads\/2023\/07\/1690740684961.jpg","articleSection":["Actualit\u00e9s"],"inLanguage":"fr-FR"},{"@type":"WebPage","@id":"https:\/\/www.bogaerstalen.nl\/fr\/corona-et-notre-politique\/","url":"https:\/\/www.bogaerstalen.nl\/fr\/corona-et-notre-politique\/","name":"Corona et notre politique - Bogaers Taleninstituut Tilburg","isPartOf":{"@id":"https:\/\/www.bogaerstalen.nl\/fr\/#website"},"primaryImageOfPage":{"@id":"https:\/\/www.bogaerstalen.nl\/fr\/corona-et-notre-politique\/#primaryimage"},"image":{"@id":"https:\/\/www.bogaerstalen.nl\/fr\/corona-et-notre-politique\/#primaryimage"},"thumbnailUrl":"https:\/\/www.bogaerstalen.nl\/wp-content\/uploads\/2023\/07\/1690740684961.jpg","datePublished":"2024-11-14T12:25:49+00:00","author":{"@id":"https:\/\/www.bogaerstalen.nl\/fr\/#\/schema\/person\/f4113524caf8abed276a4fc187f40c1f"},"breadcrumb":{"@id":"https:\/\/www.bogaerstalen.nl\/fr\/corona-et-notre-politique\/#breadcrumb"},"inLanguage":"fr-FR","potentialAction":[{"@type":"ReadAction","target":["https:\/\/www.bogaerstalen.nl\/fr\/corona-et-notre-politique\/"]}]},{"@type":"ImageObject","inLanguage":"fr-FR","@id":"https:\/\/www.bogaerstalen.nl\/fr\/corona-et-notre-politique\/#primaryimage","url":"https:\/\/www.bogaerstalen.nl\/wp-content\/uploads\/2023\/07\/1690740684961.jpg","contentUrl":"https:\/\/www.bogaerstalen.nl\/wp-content\/uploads\/2023\/07\/1690740684961.jpg","width":1280,"height":1280},{"@type":"BreadcrumbList","@id":"https:\/\/www.bogaerstalen.nl\/fr\/corona-et-notre-politique\/#breadcrumb","itemListElement":[{"@type":"ListItem","position":1,"name":"Home","item":"https:\/\/www.bogaerstalen.nl\/fr\/accueil\/"},{"@type":"ListItem","position":2,"name":"Corona et notre politique"}]},{"@type":"WebSite","@id":"https:\/\/www.bogaerstalen.nl\/fr\/#website","url":"https:\/\/www.bogaerstalen.nl\/fr\/","name":"Bogaers Taleninstituut Tilburg","description":"Sta sterk met taal!","potentialAction":[{"@type":"SearchAction","target":{"@type":"EntryPoint","urlTemplate":"https:\/\/www.bogaerstalen.nl\/fr\/?s={search_term_string}"},"query-input":{"@type":"PropertyValueSpecification","valueRequired":true,"valueName":"search_term_string"}}],"inLanguage":"fr-FR"},{"@type":"Person","@id":"https:\/\/www.bogaerstalen.nl\/fr\/#\/schema\/person\/f4113524caf8abed276a4fc187f40c1f","name":"Jolanda van der Meijden","image":{"@type":"ImageObject","inLanguage":"fr-FR","@id":"https:\/\/secure.gravatar.com\/avatar\/3d938a21493510bcfe84811f29a7bf3e7f00d6864e5c5be2fecddbccf703b7e0?s=96&d=mm&r=g","url":"https:\/\/secure.gravatar.com\/avatar\/3d938a21493510bcfe84811f29a7bf3e7f00d6864e5c5be2fecddbccf703b7e0?s=96&d=mm&r=g","contentUrl":"https:\/\/secure.gravatar.com\/avatar\/3d938a21493510bcfe84811f29a7bf3e7f00d6864e5c5be2fecddbccf703b7e0?s=96&d=mm&r=g","caption":"Jolanda van der Meijden"},"description":"Bijscholing voor onze docenten","sameAs":["https:\/\/www.bogaerstalen.nl"],"url":"https:\/\/www.bogaerstalen.nl\/fr\/author\/bogaers\/"}]}},"_links":{"self":[{"href":"https:\/\/www.bogaerstalen.nl\/fr\/wp-json\/wp\/v2\/posts\/7862","targetHints":{"allow":["GET"]}}],"collection":[{"href":"https:\/\/www.bogaerstalen.nl\/fr\/wp-json\/wp\/v2\/posts"}],"about":[{"href":"https:\/\/www.bogaerstalen.nl\/fr\/wp-json\/wp\/v2\/types\/post"}],"author":[{"embeddable":true,"href":"https:\/\/www.bogaerstalen.nl\/fr\/wp-json\/wp\/v2\/users\/3"}],"replies":[{"embeddable":true,"href":"https:\/\/www.bogaerstalen.nl\/fr\/wp-json\/wp\/v2\/comments?post=7862"}],"version-history":[{"count":0,"href":"https:\/\/www.bogaerstalen.nl\/fr\/wp-json\/wp\/v2\/posts\/7862\/revisions"}],"wp:featuredmedia":[{"embeddable":true,"href":"https:\/\/www.bogaerstalen.nl\/fr\/wp-json\/wp\/v2\/media\/7865"}],"wp:attachment":[{"href":"https:\/\/www.bogaerstalen.nl\/fr\/wp-json\/wp\/v2\/media?parent=7862"}],"wp:term":[{"taxonomy":"category","embeddable":true,"href":"https:\/\/www.bogaerstalen.nl\/fr\/wp-json\/wp\/v2\/categories?post=7862"},{"taxonomy":"post_tag","embeddable":true,"href":"https:\/\/www.bogaerstalen.nl\/fr\/wp-json\/wp\/v2\/tags?post=7862"}],"curies":[{"name":"wp","href":"https:\/\/api.w.org\/{rel}","templated":true}]}}